{"id":89,"date":"2020-06-26T16:46:00","date_gmt":"2020-06-26T14:46:00","guid":{"rendered":"http:\/\/localhost:8000\/?p=89"},"modified":"2023-04-30T16:50:16","modified_gmt":"2023-04-30T14:50:16","slug":"mozi-tamogatasi-palyazat","status":"publish","type":"post","link":"https:\/\/cms.moziszovetseg.hu\/?p=89","title":{"rendered":"Mozi t\u00e1mogat\u00e1si p\u00e1ly\u00e1zat"},"content":{"rendered":"\n<p class=\"wp-block-paragraph\">A Nemzeti Filmint\u00e9zet \u00e1ltal ny\u00fajtott t\u00e1mogat\u00e1sb\u00f3l, a Cinecount Kft. \u00e9s a Mozisok Orsz\u00e1gos Sz\u00f6vets\u00e9ge az al\u00e1bbi p\u00e1ly\u00e1zati felh\u00edv\u00e1st teszi k\u00f6zz\u00e9.<\/p>\n\n\n\n<h2 class=\"wp-block-heading\">P\u00c1LY\u00c1ZATI FELH\u00cdV\u00c1S<\/h2>\n\n\n\n<p class=\"wp-block-paragraph\">\u201eVissza a moziba! \u2013&nbsp;A magyar film h\u00f3napja\u201d c\u00edmmel.<\/p>\n\n\n\n<p class=\"wp-block-paragraph\">A p\u00e1ly\u00e1zat c\u00e9lja a magyarorsz\u00e1gi filmsz\u00ednh\u00e1zak seg\u00edts\u00e9g\u00e9vel n\u00e9pszer\u0171s\u00edteni a magyar filmet, a vesz\u00e9lyhelyzet visszavon\u00e1sa ut\u00e1n visszacs\u00e1b\u00edtani a k\u00f6z\u00f6ns\u00e9get a hazai mozikba. Egy\u00fattal a p\u00e1ly\u00e1zati forr\u00e1s seg\u00edts\u00e9g a h\u00e1rom h\u00f3napig hat\u00f3s\u00e1gilag bez\u00e1rt filmsz\u00ednh\u00e1zaknak az \u00fajranyit\u00e1sban \u00e9s a k\u00e1renyh\u00edt\u00e9sben.<\/p>\n\n\n\n<p class=\"wp-block-paragraph\">A&nbsp;t\u00e1mogat\u00e1si keret\u00f6sszeg nett\u00f3&nbsp;300&nbsp;milli\u00f3 forint, amelyb\u0151l a lebonyol\u00edt\u00e1s k\u00f6lts\u00e9g\u00e9vel cs\u00f6kkentett \u00f6sszeg oszthat\u00f3 fel a p\u00e1ly\u00e1z\u00f3k k\u00f6z\u00f6tt.<\/p>\n\n\n\n<p class=\"wp-block-paragraph\">A p\u00e1ly\u00e1zat a Mozisok Orsz\u00e1gos Sz\u00f6vets\u00e9ge \u00e9s az Art-Mozi Egyes\u00fclet honlapj\u00e1n&nbsp;jelenik meg, az ut\u00f3bbi k\u00e9t szervezet a tagjait e-mailben \u00e9rtes\u00edti a p\u00e1ly\u00e1zat megjelen\u00e9s\u00e9r\u0151l.<br>T\u00e1mogat\u00e1si szerz\u0151d\u00e9s csak a Mozisok Orsz\u00e1gos Sz\u00f6vets\u00e9ge, illetve az Art-Mozi&nbsp;Egyes\u00fclet tagjaival k\u00f6thet\u0151. Amennyiben olyan magyarorsz\u00e1gi v\u00e1llalkoz\u00e1s\/int\u00e9zm\u00e9ny&nbsp;jelentkezik t\u00e1mogat\u00e1s\u00e9rt, amely egyik szervezetnek sem tagja, \u00fagy a p\u00e1ly\u00e1zattal egy\u00fcttesen jelezheti tagfelv\u00e9teli jelentkez\u00e9si sz\u00e1nd\u00e9k\u00e1t a Mozisok Orsz\u00e1gos Sz\u00f6vets\u00e9g\u00e9be vagy az Art-Mozi Egyes\u00fcletbe, ebben az esetben elh\u00e1rul a t\u00e1mogat\u00e1s akad\u00e1lya.<\/p>\n\n\n\n<p class=\"wp-block-paragraph\">A t\u00e1mogat\u00e1s felt\u00e9tele:<\/p>\n\n\n\n<p class=\"wp-block-paragraph\">P\u00e1ly\u00e1z\u00f3 v\u00e1llalkoz\u00e1s\/int\u00e9zm\u00e9ny v\u00e1llalja, hogy mozij\u00e1ban a teljes nyitva tart\u00e1s alatt az al\u00e1bbi k\u00f6telezetts\u00e9ggel \u00e1ll\u00edtja \u00f6ssze nyilv\u00e1nos mozim\u0171sor\u00e1t:<br>2020. j\u00falius&nbsp;2.&nbsp;\u2013&nbsp;29. k\u00f6z\u00f6tt&nbsp;30 %-ban magyar (illetve magyar koprodukci\u00f3s) filmet vet\u00edt.<\/p>\n\n\n\n<p class=\"wp-block-paragraph\">T\u00f6bb termes mozi eset\u00e9ben a mozinak kell tartania az el\u0151\u00edrt ar\u00e1nyt, az adott hetek&nbsp;\u00f6sszes\u00edtett vet\u00edt\u00e9ssz\u00e1m\u00e1nak&nbsp;30%-ban kell magyar filmnek lennie.&nbsp;A p\u00e1ly\u00e1z\u00f3 mozinak mind a n\u00e9gy h\u00e9ten kereszt\u00fcl v\u00e1llalnia kell a rendszeres vet\u00edt\u00e9st. A p\u00e1ly\u00e1zat csak akkor \u00e9rv\u00e9nyes, ha az el\u0151\u00edrt ar\u00e1ny teljes\u00fcl.<\/p>\n\n\n\n<p class=\"wp-block-paragraph\">Azok a filmek vet\u00edthet\u0151k, amelyek az al\u00e1bbi felt\u00e9telek k\u00f6z\u00fcl legal\u00e1bb egynek&nbsp;megfelelnek:<\/p>\n\n\n\n<ul class=\"wp-block-list\">\n<li>megfelelnek a 2004.\u00e9vi II. tv. a mozg\u00f3k\u00e9pr\u0151l 2.\u00a7 7. a), b), c) pontj\u00e1nak<\/li>\n\n\n\n<li>a Mozg\u00f3k\u00e9pszakmai hat\u00f3s\u00e1g magyar filmalkot\u00e1snak, magyar r\u00e9szv\u00e9tel\u0171 filmalkot\u00e1snak, illetve egy\u00e9b magyar r\u00e9szv\u00e9tel\u0171 filmalkot\u00e1snak besorolt,-\u00a0a nemzeti filmvagyonba tartoznak<\/li>\n\n\n\n<li>a Nemzeti Filmint\u00e9zett\u0151l k\u00f6lcs\u00f6nz\u00f6ttek,- \u00a0magyar r\u00f6vidfilmekb\u0151l (kisj\u00e1t\u00e9k-, dokumentum-, anim\u00e1ci\u00f3s, tudom\u00e1nyos ismeretterjeszt\u0151 \u00e9s k\u00eds\u00e9rleti film) \u00e1ll\u00f3 \u00f6ssze\u00e1ll\u00edt\u00e1sok, ha \u00f6sszidej\u00fck legal\u00e1bb 60\u00a0perc.<\/li>\n<\/ul>\n\n\n\n<p class=\"wp-block-paragraph\">P\u00e1ly\u00e1zat felt\u00e9telei:<\/p>\n\n\n\n<ul class=\"wp-block-list\">\n<li>P\u00e1ly\u00e1zatot az a v\u00e1llalkoz\u00e1s, illetve int\u00e9zm\u00e9ny ny\u00fajthat be, amely jogosult mozi\u00a0\u00fczemeltet\u00e9s\u00e9re, az ehhez sz\u00fcks\u00e9ges enged\u00e9lyekkel, regisztr\u00e1ci\u00f3val rendelkezik. T\u00f6bb mozit \u00fczemeltet\u0151 v\u00e1llalkoz\u00e1s\/int\u00e9zm\u00e9ny mindegyik mozij\u00e1ra ny\u00fajthat be p\u00e1ly\u00e1zatot, de mozink\u00e9nt kiz\u00e1r\u00f3lag egyet.<\/li>\n\n\n\n<li>P\u00e1ly\u00e1z\u00f3 olyan, \u00e1ltala \u00fczemeltetett mozira ny\u00fajthat be p\u00e1ly\u00e1zatot, amely 2020. m\u00e1rcius 11., a Vesz\u00e9lyhelyzet kihirdet\u00e9se el\u0151tt, minimum h\u00e1rom h\u00f3napon \u00e1t m\u0171k\u00f6d\u00f6tt (amennyiben a mozi ezen id\u0151szakon bel\u00fcl fel\u00faj\u00edt\u00e1son esett \u00e1t, abban az esetben a fel\u00faj\u00edt\u00e1st megel\u0151z\u0151 3 h\u00f3napot kell vizsg\u00e1lni). Ebben a h\u00e1rom h\u00f3napban, termenk\u00e9nt legal\u00e1bb 80 nyilv\u00e1nos, bel\u00e9p\u0151jegyes el\u0151ad\u00e1st\u00a0hirdetett\u00a0meg az elektronikus \u00e9s nyomtatott m\u00e9di\u00e1ban, illetve egy\u00e9b hirdet\u00e9si fel\u00fcleten,\u00a0egym\u00e1ssal \u00e9rdemben megegyez\u0151 m\u00f3don.<\/li>\n\n\n\n<li>P\u00e1ly\u00e1z\u00f3 v\u00e1llalja, hogy a p\u00e1ly\u00e1zatra beadott mozi 2019.\u00a0\u00e9vi n\u00e9z\u0151sz\u00e1m\u00e1ra\u00a0vonatkoz\u00f3an a csatolt, erre vonatkoz\u00f3\u00a0dokumentumban nyilatkozik, azzal,\u00a0hogy annak val\u00f3dis\u00e1g\u00e1t a k\u00f6telez\u0151 negyed\u00e9ves statisztik\u00e1t kezel\u0151 hat\u00f3s\u00e1gn\u00e1l a d\u00f6nt\u00e9shoz\u00f3k ellen\u0151rizhetik. Ezen ellen\u0151rz\u00e9shez el\u0151zetesen hozz\u00e1j\u00e1rul.<\/li>\n\n\n\n<li>A p\u00e1ly\u00e1z\u00f3 azzal a rendszeresen, azonos helyen\u00a0m\u0171k\u00f6d\u0151 mozival tud p\u00e1ly\u00e1zni,\u00a0amely a\u00a0m\u0171sor\u00e1ra t\u0171z\u00f6tt filmalkot\u00e1sokat bel\u00e9pti d\u00edj ellen\u00e9ben nyilv\u00e1nosan bemutatja az erre m\u0171szakilag \u00e9s technikailag nyilv\u00e1ntartott helyis\u00e9g\u00e9ben.<\/li>\n\n\n\n<li>Szerz\u0151d\u00e9sk\u00f6t\u00e9skor\u00a0a p\u00e1ly\u00e1z\u00f3nak igazolnia kell\u00a0ad\u00f3tartoz\u00e1s mentess\u00e9g\u00e9t\u00a0vagy\u00a0NAV igazol\u00e1ssal vagy NAV k\u00f6ztartoz\u00e1s mentes adatb\u00e1zisban val\u00f3 szerepel\u00e9ssel.<\/li>\n\n\n\n<li>A mell\u00e9kelt p\u00e1ly\u00e1zati \u00edv kit\u00f6lt\u00e9se \u00e9s a sz\u00fcks\u00e9ges nyilatkozatok megt\u00e9tele felt\u00e9tele az \u00e9rv\u00e9nyes p\u00e1ly\u00e1zatnak. Hi\u00e1nyos p\u00e1ly\u00e1zati \u00edv, vagy nem teljes nyilatkozati sor, a p\u00e1ly\u00e1zat automatikus \u00e9rv\u00e9nytelens\u00e9g\u00e9t vonja maga ut\u00e1n.<\/li>\n<\/ul>\n\n\n\n<p class=\"wp-block-paragraph\">A megp\u00e1ly\u00e1zhat\u00f3 \u00f6sszeg termenk\u00e9nt a k\u00f6vetkez\u0151:<\/p>\n\n\n\n<p class=\"wp-block-paragraph\">1-100 teremmel rendelkez\u0151 p\u00e1ly\u00e1z\u00f3 (f\u00fcggetlen\u00fcl att\u00f3l, hogy h\u00e1ny teremmel p\u00e1ly\u00e1zik): termenk\u00e9nt nett\u00f3&nbsp;1 450&nbsp;000 forinttal p\u00e1ly\u00e1zhat, amib\u0151l 20% az \u00f6nr\u00e9sz \u00e9s nett\u00f3&nbsp;1 160&nbsp;000 forintot ig\u00e9nyelhet&nbsp;a&nbsp;teljes\u00edt\u00e9s elfogad\u00e1sa eset\u00e9n.<\/p>\n\n\n\n<p class=\"wp-block-paragraph\">100 vagy ann\u00e1l t\u00f6bb teremmel rendelkez\u0151 p\u00e1ly\u00e1z\u00f3 (f\u00fcggetlen\u00fcl att\u00f3l, hogy h\u00e1ny teremmel p\u00e1ly\u00e1zik): termenk\u00e9nt nett\u00f3&nbsp;950&nbsp;000 forinttal p\u00e1ly\u00e1zhat, amib\u0151l&nbsp;20% az&nbsp;\u00f6nr\u00e9sz \u00e9s nett\u00f3 760 000 forintot ig\u00e9nyelhet a teljes\u00edt\u00e9s elfogad\u00e1sa eset\u00e9n.<\/p>\n\n\n\n<p class=\"wp-block-paragraph\">Az a filmsz\u00ednh\u00e1z, amelynek 2019. \u00e9vben a havi \u00e1tlagos n\u00e9z\u0151sz\u00e1ma nem \u00e9rte el a minimum 1.000 n\u00e9z\u0151\/h\u00f3napot, termenk\u00e9nt maximum nett\u00f3&nbsp;625&nbsp;000 forinttal p\u00e1ly\u00e1zhat, amib\u0151l 20% az \u00f6nr\u00e9sz \u00e9s nett\u00f3 500 000 forintot ig\u00e9nyelhet a teljes\u00edt\u00e9s elfogad\u00e1sa eset\u00e9n.&nbsp;Amennyiben a p\u00e1ly\u00e1z\u00f3 mozij\u00e1ban 2019-ben fel\u00faj\u00edt\u00e1s zajlott, a 2018-as&nbsp;n\u00e9z\u0151sz\u00e1mot elfogadja a p\u00e1ly\u00e1zat ki\u00edr\u00f3ja.<\/p>\n\n\n\n<p class=\"wp-block-paragraph\">T\u00e1mogat\u00e1s csak azokra a termekre k\u00e9rhet\u0151, amelyekben rendszeres, meghirdetett&nbsp;m\u0171sorrendi vet\u00edt\u00e9s zajlik a p\u00e1ly\u00e1zatban szerepl\u0151 id\u0151szakban,&nbsp;Ha egy p\u00e1ly\u00e1z\u00f3 az \u00fajra&nbsp;nyit\u00e1s ut\u00e1n nem szeretn\u00e9 \u00fczemeltetni&nbsp;valamelyik&nbsp;term\u00e9t, akkor t\u00e1mogat\u00e1st sem&nbsp;ig\u00e9nyelhet arra.<\/p>\n\n\n\n<p class=\"wp-block-paragraph\">A p\u00e1ly\u00e1zat ki\u00edr\u00f3ja a p\u00e1ly\u00e1zati \u00f6sszeg feloszt\u00e1s\u00e1r\u00f3l a be\u00e9rkezett p\u00e1ly\u00e1zatok sz\u00e1m\u00e1nak \u00e9s tartalm\u00e1nak ismeret\u00e9ben d\u00f6nt.&nbsp;A&nbsp;kioszthat\u00f3 keret\u00f6sszeg nett\u00f3 300 milli\u00f3 forint,&nbsp;amelyb\u0151l a lebonyol\u00edt\u00e1s k\u00f6lts\u00e9g\u00e9vel cs\u00f6kkentett \u00f6sszeg oszthat\u00f3 fel a p\u00e1ly\u00e1z\u00f3k k\u00f6z\u00f6tt.&nbsp;Amennyiben a&nbsp;beny\u00fajtott \u00e9rv\u00e9nyes p\u00e1ly\u00e1zatok \u00e9s termek sz\u00e1ma alapj\u00e1n az ig\u00e9nyelt t\u00e1mogat\u00e1s \u00f6sszess\u00e9g\u00e9ben meghaladja a p\u00e1ly\u00e1zati keret\u00f6sszeget,&nbsp;\u00fagy a ki\u00edr\u00f3 cs\u00f6kkentheti a p\u00e1ly\u00e1zati ki\u00edr\u00e1sban szerepl\u0151 termenk\u00e9nti adhat\u00f3 \u00f6sszeget.&nbsp;Amennyiben&nbsp;a beny\u00fajtott \u00e9rv\u00e9nyes p\u00e1ly\u00e1zatok \u00e9s termek sz\u00e1ma alapj\u00e1n az ig\u00e9nyelt t\u00e1mogat\u00e1s \u00f6sszess\u00e9g\u00e9ben nem \u00e9ri el a p\u00e1ly\u00e1zati keret\u00f6sszeget, \u00fagy a fennmarad\u00f3 \u00f6sszeg a&nbsp;jelentkez\u0151k k\u00f6z\u00f6tt, termenk\u00e9nt egyenl\u0151 ar\u00e1nyban ker\u00fcl kioszt\u00e1sra.<\/p>\n\n\n\n<p class=\"wp-block-paragraph\">Valamennyi p\u00e1ly\u00e1z\u00f3, aki formailag \u00e9s tartalmilag is&nbsp;megfelel\u0151 p\u00e1ly\u00e1zatot ny\u00fajt be, \u00e9s teljes\u00edti&nbsp;a&nbsp;p\u00e1ly\u00e1zati felt\u00e9teleket,&nbsp;t\u00e1mogat\u00e1sban r\u00e9szes\u00fcl. Az elnyert&nbsp;\u00f6sszeg nagys\u00e1g\u00e1r\u00f3l 2020. j\u00falius&nbsp;01-\u00e9n elektronikus \u00faton \u00e9rtes\u00edtik a p\u00e1ly\u00e1z\u00f3t.<\/p>\n\n\n\n<p class=\"wp-block-paragraph\">Az elb\u00edr\u00e1l\u00e1st \u00e9s&nbsp;a&nbsp;nyertes p\u00e1ly\u00e1z\u00f3kkal t\u00f6rt\u00e9n\u0151 szerz\u0151d\u00e9sk\u00f6t\u00e9st a&nbsp;Cinecount Kft.&nbsp;v\u00e9gzi oly m\u00f3don, hogy a p\u00e1ly\u00e1z\u00f3nak meg\u00edt\u00e9lt \u00f6sszegben megrendeli a magyar filmek vet\u00edt\u00e9s\u00e9t, annak t\u00e1rgyi \u00e9s szem\u00e9lyi felt\u00e9teleivel, ill. a vet\u00edt\u00e9shez kapcsol\u00f3d\u00f3 helyi prom\u00f3ci\u00f3t. A t\u00e1mogat\u00e1s m\u00e9rt\u00e9ke nem haladhatja meg az \u00f6sszk\u00f6lts\u00e9g 80%-\u00e1t.&nbsp;A&nbsp;p\u00e1ly\u00e1z\u00f3 k\u00f6teles besz\u00e1mol\u00f3t k\u00fcldeni&nbsp;a Cinecount Kft.-nek, a szerz\u0151d\u00e9sben v\u00e1llaltak szerint. A besz\u00e1mol\u00f3 max. 2 oldal terjedelemben besz\u00e1mol a programr\u00f3l, a vet\u00edtett filmekr\u0151l, elk\u00fcldi az adott hetek mozim\u0171sor hirdet\u00e9seit is.&nbsp;Cinecount teljes\u00edt\u00e9s igazol\u00e1st \u00e1ll\u00edt ki a p\u00e1ly\u00e1z\u00f3 besz\u00e1mol\u00f3ja alapj\u00e1n.<\/p>\n\n\n\n<p class=\"wp-block-paragraph\">A szerz\u0151d\u00e9sbe foglalt \u00f6sszeg kifizet\u00e9se, a szerz\u0151d\u00e9sbe foglalt felt\u00e9telekkel \u00e9s m\u00f3don t\u00f6rt\u00e9nik a projekt lez\u00e1r\u00e1sa ut\u00e1n, a p\u00e1ly\u00e1z\u00f3 beny\u00fajtott sz\u00e1ml\u00e1ja \u00e9s jelent\u00e9se alapj\u00e1n.<\/p>\n\n\n\n<p class=\"wp-block-paragraph\">Elsz\u00e1mol\u00e1s m\u00f3dja:<br>A p\u00e1ly\u00e1zatok ellen\u0151rz\u00e9se ut\u00e1n \u00e9s a teljes\u00edt\u00e9s igazol\u00e1s alapj\u00e1n, a p\u00e1ly\u00e1z\u00f3 az elnyert t\u00e1mogat\u00e1s \u00f6sszeg\u00e9r\u0151l sz\u00e1ml\u00e1t \u00e1ll\u00edt ki (teremb\u00e9rlet \u00e9s\/vagy marketing tev\u00e9kenys\u00e9g), melyet a Cinecount Kft.&nbsp;befogad \u00e9s 15 napon bel\u00fcl kifizet.<br>R\u00e9szletek a szerz\u0151d\u00e9sben pontos\u00edt\u00e1sra ker\u00fclnek.<\/p>\n\n\n\n<p class=\"wp-block-paragraph\">P\u00e1ly\u00e1zat bead\u00e1s\u00e1nak hat\u00e1rideje:<br>Pap\u00edr alapon 2020. j\u00fanius. 29. 17.00 \u00f3r\u00e1ig szem\u00e9lyesen lehet leadni a p\u00e1ly\u00e1zatot, z\u00e1rt bor\u00edt\u00e9kban,&nbsp;\u201eMozisok Orsz\u00e1gos Sz\u00f6vets\u00e9ge \/&nbsp;Cinecount Kft \/&nbsp;P\u00e1ly\u00e1zat\u201d megnevez\u00e9ssel, h\u00e9tk\u00f6znap 9.00 \u00e9s 17.00 \u00f3ra k\u00f6z\u00f6tt (R\u00f3na utca 174. B \u00e9p\u00fclet, 1.&nbsp;emelet).<\/p>\n\n\n\n<p class=\"wp-block-paragraph\">Elektronikus \u00faton, 2020. j\u00fanius.29. 17.00 \u00f3r\u00e1ig lehet leadni a p\u00e1ly\u00e1zatot,&nbsp;az&nbsp;info@cinecount.hu&nbsp;c\u00edmen.<\/p>\n\n\n\n<p class=\"wp-block-paragraph\">A rendelkez\u00e9sre \u00e1ll\u00f3 r\u00f6vid hat\u00e1rid\u0151re val\u00f3 tekintettel az elektronikus p\u00e1ly\u00e1zatot&nbsp;javasoljuk,&nbsp;k\u00e9zbes\u00edt\u00e9si visszaigazol\u00e1si k\u00e9relemmel (a f\u00e9lre\u00e9rt\u00e9sek elker\u00fcl\u00e9se v\u00e9gett).<\/p>\n\n\n\n<p class=\"wp-block-paragraph\">P\u00e1ly\u00e1zatok bont\u00e1sa \u00e9s a d\u00f6nt\u00e9s 2020. j\u00falius&nbsp;01-n t\u00f6rt\u00e9nik, az eredm\u00e9nyt m\u00e9g aznap&nbsp;a&nbsp;Mozisok Orsz\u00e1gos Sz\u00f6vets\u00e9ge \u00e9s az Art-Mozi Egyes\u00fclet honlapj\u00e1n k\u00f6zz\u00e9teszik,&nbsp;p\u00e1ly\u00e1z\u00f3kat elektronikus \u00faton \u00e9rtes\u00edtik.<\/p>\n\n\n\n<p class=\"wp-block-paragraph\">K\u00e9sedelmes, vagy&nbsp;a&nbsp;felt\u00e9teleknek&nbsp;nem megfelel\u0151 p\u00e1ly\u00e1zat beny\u00fajt\u00e1sa, a p\u00e1ly\u00e1zat automatikus elutas\u00edt\u00e1s\u00e1t vonja maga ut\u00e1n.<br>P\u00e1ly\u00e1zattal kapcsolatos inform\u00e1ci\u00f3k Bakos Editt\u0151l (Art-Mozi Egyes\u00fclet eln\u00f6ke)&nbsp;bakosedit1951@gmail.com&nbsp;e-mail&nbsp;c\u00edmen \u00e9s&nbsp;+36 30 466 1892&nbsp;telefonsz\u00e1mon k\u00e9rhet\u0151k.<\/p>\n","protected":false},"excerpt":{"rendered":"<p>A Nemzeti Filmint\u00e9zet \u00e1ltal ny\u00fajtott t\u00e1mogat\u00e1sb\u00f3l, a Cinecount Kft. \u00e9s a Mozisok Orsz\u00e1gos Sz\u00f6vets\u00e9ge az al\u00e1bbi p\u00e1ly\u00e1zati felh\u00edv\u00e1st teszi k\u00f6zz\u00e9. P\u00c1LY\u00c1ZATI FELH\u00cdV\u00c1S \u201eVissza a moziba! \u2013&nbsp;A magyar film h\u00f3napja\u201d c\u00edmmel. A p\u00e1ly\u00e1zat c\u00e9lja a magyarorsz\u00e1gi filmsz\u00ednh\u00e1zak seg\u00edts\u00e9g\u00e9vel n\u00e9pszer\u0171s\u00edteni a magyar filmet, a vesz\u00e9lyhelyzet visszavon\u00e1sa ut\u00e1n visszacs\u00e1b\u00edtani a k\u00f6z\u00f6ns\u00e9get a hazai mozikba. Egy\u00fattal a p\u00e1ly\u00e1zati forr\u00e1s [&hellip;]<\/p>\n","protected":false},"author":1,"featured_media":0,"comment_status":"open","ping_status":"open","sticky":false,"template":"","format":"standard","meta":{"footnotes":""},"categories":[4],"tags":[],"class_list":["post-89","post","type-post","status-publish","format-standard","hentry","category-hirek"],"_links":{"self":[{"href":"https:\/\/cms.moziszovetseg.hu\/index.php?rest_route=\/wp\/v2\/posts\/89","targetHints":{"allow":["GET"]}}],"collection":[{"href":"https:\/\/cms.moziszovetseg.hu\/index.php?rest_route=\/wp\/v2\/posts"}],"about":[{"href":"https:\/\/cms.moziszovetseg.hu\/index.php?rest_route=\/wp\/v2\/types\/post"}],"author":[{"embeddable":true,"href":"https:\/\/cms.moziszovetseg.hu\/index.php?rest_route=\/wp\/v2\/users\/1"}],"replies":[{"embeddable":true,"href":"https:\/\/cms.moziszovetseg.hu\/index.php?rest_route=%2Fwp%2Fv2%2Fcomments&post=89"}],"version-history":[{"count":1,"href":"https:\/\/cms.moziszovetseg.hu\/index.php?rest_route=\/wp\/v2\/posts\/89\/revisions"}],"predecessor-version":[{"id":90,"href":"https:\/\/cms.moziszovetseg.hu\/index.php?rest_route=\/wp\/v2\/posts\/89\/revisions\/90"}],"wp:attachment":[{"href":"https:\/\/cms.moziszovetseg.hu\/index.php?rest_route=%2Fwp%2Fv2%2Fmedia&parent=89"}],"wp:term":[{"taxonomy":"category","embeddable":true,"href":"https:\/\/cms.moziszovetseg.hu\/index.php?rest_route=%2Fwp%2Fv2%2Fcategories&post=89"},{"taxonomy":"post_tag","embeddable":true,"href":"https:\/\/cms.moziszovetseg.hu\/index.php?rest_route=%2Fwp%2Fv2%2Ftags&post=89"}],"curies":[{"name":"wp","href":"https:\/\/api.w.org\/{rel}","templated":true}]}}