{"id":97,"date":"2019-05-09T20:00:00","date_gmt":"2019-05-09T18:00:00","guid":{"rendered":"http:\/\/localhost:8000\/?p=97"},"modified":"2023-04-30T20:02:02","modified_gmt":"2023-04-30T18:02:02","slug":"meghivo-kozgyulesre","status":"publish","type":"post","link":"https:\/\/cms.moziszovetseg.hu\/?p=97","title":{"rendered":"Megh\u00edv\u00f3 K\u00f6zgy\u0171l\u00e9sre"},"content":{"rendered":"\n<h1 class=\"wp-block-heading\">Kedves Tagt\u00e1rsunk!&nbsp;<\/h1>\n\n\n\n<p class=\"wp-block-paragraph\">A Mozisok Orsz\u00e1gos Sz\u00f6vets\u00e9ge K\u00f6zgy\u0171l\u00e9se&nbsp;<strong>2019. m\u00e1jus 9-\u00e9n 12 \u00f3ra 00 perckor tartja K\u00f6zgy\u0171l\u00e9s\u00e9t&nbsp;<\/strong>a Toldi mozi kisterm\u00e9ben (1054 Budapest, Bajcsy-Zsilinszky \u00fat 36-38.), melyre tisztelettel megh\u00edvom.<\/p>\n\n\n\n<p class=\"wp-block-paragraph\">Ha a k\u00f6zgy\u0171l\u00e9si \u00fcl\u00e9s hat\u00e1rozatk\u00e9ptelen, az \u00fcl\u00e9st megism\u00e9telj\u00fck, melynek helye v\u00e1ltozatlan, az id\u0151pontja 2018. m\u00e1jus 9-\u00e9n 12 \u00f3ra 30 perc.<\/p>\n\n\n\n<p class=\"wp-block-paragraph\">Az Alapszab\u00e1ly szerint a megism\u00e9telt k\u00f6zgy\u0171l\u00e9si \u00fcl\u00e9s a megjelentek sz\u00e1m\u00e1t\u00f3l f\u00fcggetlen\u00fcl is hat\u00e1rozatk\u00e9pes.<\/p>\n\n\n\n<h2 class=\"wp-block-heading\">Napirenden:<\/h2>\n\n\n\n<p class=\"wp-block-paragraph\">1. Besz\u00e1mol\u00f3 a Mozisok Orsz\u00e1gos Sz\u00f6vets\u00e9ge 2018. \u00e9vi munk\u00e1j\u00e1r\u00f3l \u00e9s p\u00e9nz\u00fcgyi tev\u00e9kenys\u00e9g\u00e9r\u0151l.<\/p>\n\n\n\n<p class=\"wp-block-paragraph\">&nbsp; &nbsp; &nbsp; &nbsp;El\u0151ad\u00f3: Borsos Erika eln\u00f6k<\/p>\n\n\n\n<p class=\"wp-block-paragraph\">2. A p\u00e9nz\u00fcgyi Ellen\u0151rz\u0151 Bizotts\u00e1g jelent\u00e9se a sz\u00f6vets\u00e9g 2018. \u00e9vi p\u00e9nz\u00fcgyi tev\u00e9kenys\u00e9g\u00e9r\u0151l.&nbsp;<\/p>\n\n\n\n<p class=\"wp-block-paragraph\">&nbsp; &nbsp; &nbsp; El\u0151ad\u00f3: Mester Gy\u00f6rgy eln\u00f6k<\/p>\n\n\n\n<p class=\"wp-block-paragraph\">3. Javaslat a Mozisok Orsz\u00e1gos Sz\u00f6vets\u00e9ge 2019. munkaprogramj\u00e1ra.&nbsp;<\/p>\n\n\n\n<p class=\"wp-block-paragraph\">&nbsp; &nbsp; &nbsp; El\u0151ad\u00f3: Borsos Erika eln\u00f6k<\/p>\n\n\n\n<p class=\"wp-block-paragraph\">4. Egy\u00e9b &nbsp; &nbsp; &nbsp; &nbsp; &nbsp; &nbsp;<\/p>\n\n\n\n<p class=\"wp-block-paragraph\">A napirendi pontok fontoss\u00e1g\u00e1ra tekintettel, megjelen\u00e9s\u00e9re felt\u00e9tlen\u00fcl sz\u00e1m\u00edtok.<\/p>\n\n\n\n<p class=\"wp-block-paragraph\">&nbsp;&nbsp;&nbsp;&nbsp;&nbsp;&nbsp;&nbsp;&nbsp;&nbsp;&nbsp;&nbsp;&nbsp;&nbsp;&nbsp;&nbsp;&nbsp;&nbsp;&nbsp;&nbsp;&nbsp;&nbsp;&nbsp;&nbsp;&nbsp;&nbsp;&nbsp;&nbsp;&nbsp;&nbsp;&nbsp;&nbsp;&nbsp;&nbsp;&nbsp;&nbsp;&nbsp;&nbsp;&nbsp;&nbsp;&nbsp;&nbsp;&nbsp;&nbsp;&nbsp;&nbsp;&nbsp;&nbsp;&nbsp;&nbsp;&nbsp;&nbsp;&nbsp;&nbsp;&nbsp;&nbsp;&nbsp;&nbsp;&nbsp;&nbsp;&nbsp;&nbsp;&nbsp;&nbsp;&nbsp;&nbsp;&nbsp;&nbsp;&nbsp;&nbsp;&nbsp;&nbsp;&nbsp;&nbsp;&nbsp;&nbsp;&nbsp;&nbsp;&nbsp;&nbsp;&nbsp;&nbsp;&nbsp;&nbsp;&nbsp;Tisztelettel:<\/p>\n\n\n\n<p class=\"wp-block-paragraph\">&nbsp; &nbsp; &nbsp; &nbsp; &nbsp; &nbsp; &nbsp; &nbsp; &nbsp; &nbsp; &nbsp; &nbsp; &nbsp; &nbsp; &nbsp; &nbsp; &nbsp; &nbsp; &nbsp; &nbsp; &nbsp; &nbsp; &nbsp; &nbsp; &nbsp; &nbsp; &nbsp; &nbsp; &nbsp; &nbsp; &nbsp; &nbsp; &nbsp; &nbsp; &nbsp; &nbsp; &nbsp; &nbsp; &nbsp; &nbsp; &nbsp; &nbsp; Borsos Erika&nbsp;<\/p>\n","protected":false},"excerpt":{"rendered":"<p>A Mozisok Orsz\u00e1gos Sz\u00f6vets\u00e9ge K\u00f6zgy\u0171l\u00e9se 2019. m\u00e1jus 9-\u00e9n 12 \u00f3ra 00 perckor tartja K\u00f6zgy\u0171l\u00e9s\u00e9t a Toldi mozi kisterm\u00e9ben (1054 Budapest, Bajcsy-Zsilinszky \u00fat 36-38.), melyre tisztelettel megh\u00edvom.<\/p>\n","protected":false},"author":1,"featured_media":0,"comment_status":"open","ping_status":"open","sticky":false,"template":"","format":"standard","meta":{"footnotes":""},"categories":[4],"tags":[],"class_list":["post-97","post","type-post","status-publish","format-standard","hentry","category-hirek"],"_links":{"self":[{"href":"https:\/\/cms.moziszovetseg.hu\/index.php?rest_route=\/wp\/v2\/posts\/97","targetHints":{"allow":["GET"]}}],"collection":[{"href":"https:\/\/cms.moziszovetseg.hu\/index.php?rest_route=\/wp\/v2\/posts"}],"about":[{"href":"https:\/\/cms.moziszovetseg.hu\/index.php?rest_route=\/wp\/v2\/types\/post"}],"author":[{"embeddable":true,"href":"https:\/\/cms.moziszovetseg.hu\/index.php?rest_route=\/wp\/v2\/users\/1"}],"replies":[{"embeddable":true,"href":"https:\/\/cms.moziszovetseg.hu\/index.php?rest_route=%2Fwp%2Fv2%2Fcomments&post=97"}],"version-history":[{"count":1,"href":"https:\/\/cms.moziszovetseg.hu\/index.php?rest_route=\/wp\/v2\/posts\/97\/revisions"}],"predecessor-version":[{"id":98,"href":"https:\/\/cms.moziszovetseg.hu\/index.php?rest_route=\/wp\/v2\/posts\/97\/revisions\/98"}],"wp:attachment":[{"href":"https:\/\/cms.moziszovetseg.hu\/index.php?rest_route=%2Fwp%2Fv2%2Fmedia&parent=97"}],"wp:term":[{"taxonomy":"category","embeddable":true,"href":"https:\/\/cms.moziszovetseg.hu\/index.php?rest_route=%2Fwp%2Fv2%2Fcategories&post=97"},{"taxonomy":"post_tag","embeddable":true,"href":"https:\/\/cms.moziszovetseg.hu\/index.php?rest_route=%2Fwp%2Fv2%2Ftags&post=97"}],"curies":[{"name":"wp","href":"https:\/\/api.w.org\/{rel}","templated":true}]}}